{"id":6121,"count":1,"description":"","link":"https:\/\/ikrakow.net\/pl\/tag\/dzialalnosc-medyczna-macieja-jakubowskiego-i-otwarcie-szpitala-dzieciecego","name":"Dzia\u0142alno\u015b\u0107 medyczna Macieja Jakubowskiego i otwarcie Szpitala Dzieci\u0119cego","slug":"dzialalnosc-medyczna-macieja-jakubowskiego-i-otwarcie-szpitala-dzieciecego","taxonomy":"post_tag","meta":[],"_links":{"self":[{"href":"https:\/\/ikrakow.net\/pl\/wp-json\/wp\/v2\/tags\/6121","targetHints":{"allow":["GET"]}}],"collection":[{"href":"https:\/\/ikrakow.net\/pl\/wp-json\/wp\/v2\/tags"}],"about":[{"href":"https:\/\/ikrakow.net\/pl\/wp-json\/wp\/v2\/taxonomies\/post_tag"}],"wp:post_type":[{"href":"https:\/\/ikrakow.net\/pl\/wp-json\/wp\/v2\/posts?tags=6121"}],"curies":[{"name":"wp","href":"https:\/\/api.w.org\/{rel}","templated":true}]}}