{"id":24335,"date":"2026-09-04T12:33:26","date_gmt":"2026-09-04T10:33:26","guid":{"rendered":"https:\/\/ikrakow.net\/?p=24335"},"modified":"2026-09-04T12:43:06","modified_gmt":"2026-09-04T10:43:06","slug":"awangardowy-krakow-tadeusza-kantora-jak-teatr-cricot-2-stal-sie-swiatowym-fenomenem-kultury","status":"publish","type":"post","link":"https:\/\/ikrakow.net\/pl\/eternal-24335-awangardowy-krakow-tadeusza-kantora-jak-teatr-cricot-2-stal-sie-swiatowym-fenomenem-kultury","title":{"rendered":"Awangardowy Krak\u00f3w Tadeusza Kantora: jak teatr Cricot 2 sta\u0142 si\u0119 \u015bwiatowym fenomenem kultury"},"content":{"rendered":"\n<p class=\"wp-block-paragraph\">W 1955 roku w Krakowie narodzi\u0142 si\u0119 teatr <strong>Cricot 2<\/strong>, kt\u00f3rego spektakle ca\u0142kowicie burzy\u0142y dotychczasowe wyobra\u017cenia o scenie dramatycznej. W realiach \u00f3wczesnej Polski by\u0142a to formacja na\u0441\u043aro\u015b eksperymentalna, kt\u00f3ra wkr\u00f3tce zdoby\u0142a s\u0142aw\u0119 daleko poza granicami kraju. Za sukcesem Cricot 2 sta\u0142 <strong>Tadeusz Kantor<\/strong> \u2013 wybitny polski re\u017cyser, <a href=\"https:\/\/krakow1.one\/pl\/eternal\/zycie-i-tworczosc-polskiego-artysty-teodora-axentowicza-3148\" data-type=\"link\" data-id=\"https:\/\/krakow1.one\/pl\/eternal\/zycie-i-tworczosc-polskiego-artysty-teodora-axentowicza-3148\" target=\"_blank\" rel=\"noopener\">malarz<\/a>, scenograf i teoretyk sztuki. Kantor nieustannie prowokowa\u0142, eksperymentowa\u0142 i redefiniowa\u0142 w\u0142asny j\u0119zyk tw\u00f3rczy, przypomina serwis <a href=\"https:\/\/ikrakow.net\/pl\" data-type=\"link\" data-id=\"ikrakow.net\">ikrakow.net<\/a>.<\/p>\n\n\n\n<div id=\"ez-toc-container\" class=\"ez-toc-v2_0_74 counter-hierarchy ez-toc-counter ez-toc-custom ez-toc-container-direction\">\n<label for=\"ez-toc-cssicon-toggle-item-6a9ab54d06a43\" class=\"ez-toc-cssicon-toggle-label\"><span class=\"\"><span class=\"eztoc-hide\" style=\"display:none;\">Toggle<\/span><span class=\"ez-toc-icon-toggle-span\"><svg style=\"fill: #999;color:#999\" xmlns=\"http:\/\/www.w3.org\/2000\/svg\" class=\"list-377408\" width=\"20px\" height=\"20px\" viewBox=\"0 0 24 24\" fill=\"none\"><path d=\"M6 6H4v2h2V6zm14 0H8v2h12V6zM4 11h2v2H4v-2zm16 0H8v2h12v-2zM4 16h2v2H4v-2zm16 0H8v2h12v-2z\" fill=\"currentColor\"><\/path><\/svg><svg style=\"fill: #999;color:#999\" class=\"arrow-unsorted-368013\" xmlns=\"http:\/\/www.w3.org\/2000\/svg\" width=\"10px\" height=\"10px\" viewBox=\"0 0 24 24\" version=\"1.2\" baseProfile=\"tiny\"><path d=\"M18.2 9.3l-6.2-6.3-6.2 6.3c-.2.2-.3.4-.3.7s.1.5.3.7c.2.2.4.3.7.3h11c.3 0 .5-.1.7-.3.2-.2.3-.5.3-.7s-.1-.5-.3-.7zM5.8 14.7l6.2 6.3 6.2-6.3c.2-.2.3-.5.3-.7s-.1-.5-.3-.7c-.2-.2-.4-.3-.7-.3h-11c-.3 0-.5.1-.7.3-.2.2-.3.5-.3.7s.1.5.3.7z\"\/><\/svg><\/span><\/span><\/label><input type=\"checkbox\"  id=\"ez-toc-cssicon-toggle-item-6a9ab54d06a43\"  aria-label=\"Toggle\" \/><nav><ul class='ez-toc-list ez-toc-list-level-1 ' ><li class='ez-toc-page-1 ez-toc-heading-level-2'><a class=\"ez-toc-link ez-toc-heading-1\" href=\"https:\/\/ikrakow.net\/pl\/eternal-24335-awangardowy-krakow-tadeusza-kantora-jak-teatr-cricot-2-stal-sie-swiatowym-fenomenem-kultury\/#Kantor_i_Krakow_narodziny_bezkompromisowej_awangardy\" >Kantor i Krak\u00f3w: narodziny bezkompromisowej awangardy<\/a><\/li><li class='ez-toc-page-1 ez-toc-heading-level-2'><a class=\"ez-toc-link ez-toc-heading-2\" href=\"https:\/\/ikrakow.net\/pl\/eternal-24335-awangardowy-krakow-tadeusza-kantora-jak-teatr-cricot-2-stal-sie-swiatowym-fenomenem-kultury\/#Jak_Kantor_zburzyl_teatralne_kanony\" >Jak Kantor zburzy\u0142 teatralne kanony<\/a><\/li><li class='ez-toc-page-1 ez-toc-heading-level-2'><a class=\"ez-toc-link ez-toc-heading-3\" href=\"https:\/\/ikrakow.net\/pl\/eternal-24335-awangardowy-krakow-tadeusza-kantora-jak-teatr-cricot-2-stal-sie-swiatowym-fenomenem-kultury\/#Od_eksperymentu_do_wlasnego_jezyka_teatru\" >Od eksperymentu do w\u0142asnego j\u0119zyka teatru<\/a><\/li><li class='ez-toc-page-1 ez-toc-heading-level-2'><a class=\"ez-toc-link ez-toc-heading-4\" href=\"https:\/\/ikrakow.net\/pl\/eternal-24335-awangardowy-krakow-tadeusza-kantora-jak-teatr-cricot-2-stal-sie-swiatowym-fenomenem-kultury\/#%E2%80%9EUmarla_klasa%E2%80%9D_%E2%80%93_wstrzas_ktory_poruszyl_swiat\" >\u201eUmar\u0142a klasa\u201d \u2013 wstrz\u0105s, kt\u00f3ry poruszy\u0142 \u015bwiat<\/a><\/li><li class='ez-toc-page-1 ez-toc-heading-level-2'><a class=\"ez-toc-link ez-toc-heading-5\" href=\"https:\/\/ikrakow.net\/pl\/eternal-24335-awangardowy-krakow-tadeusza-kantora-jak-teatr-cricot-2-stal-sie-swiatowym-fenomenem-kultury\/#Dlaczego_wplyw_Kantora_wykroczyl_poza_teatr\" >Dlaczego wp\u0142yw Kantora wykroczy\u0142 poza teatr?<\/a><\/li><li class='ez-toc-page-1 ez-toc-heading-level-2'><a class=\"ez-toc-link ez-toc-heading-6\" href=\"https:\/\/ikrakow.net\/pl\/eternal-24335-awangardowy-krakow-tadeusza-kantora-jak-teatr-cricot-2-stal-sie-swiatowym-fenomenem-kultury\/#Teatr_odmieniony_na_zawsze_dziedzictwo_mistrza\" >Teatr odmieniony na zawsze: dziedzictwo mistrza<\/a><\/li><li class='ez-toc-page-1 ez-toc-heading-level-2'><a class=\"ez-toc-link ez-toc-heading-7\" href=\"https:\/\/ikrakow.net\/pl\/eternal-24335-awangardowy-krakow-tadeusza-kantora-jak-teatr-cricot-2-stal-sie-swiatowym-fenomenem-kultury\/#Awangardowy_Krakow_poza_kanonem\" >Awangardowy Krak\u00f3w poza kanonem<\/a><\/li><li class='ez-toc-page-1 ez-toc-heading-level-2'><a class=\"ez-toc-link ez-toc-heading-8\" href=\"https:\/\/ikrakow.net\/pl\/eternal-24335-awangardowy-krakow-tadeusza-kantora-jak-teatr-cricot-2-stal-sie-swiatowym-fenomenem-kultury\/#Cricoteka_zywe_archiwum_kantorowskiej_rewolucji\" >Cricoteka: \u017cywe archiwum kantorowskiej rewolucji<\/a><\/li><li class='ez-toc-page-1 ez-toc-heading-level-2'><a class=\"ez-toc-link ez-toc-heading-9\" href=\"https:\/\/ikrakow.net\/pl\/eternal-24335-awangardowy-krakow-tadeusza-kantora-jak-teatr-cricot-2-stal-sie-swiatowym-fenomenem-kultury\/#Dziedzictwo_ktore_oparlo_sie_uplywowi_czasu\" >Dziedzictwo, kt\u00f3re opar\u0142o si\u0119 up\u0142ywowi czasu<\/a><\/li><\/ul><\/nav><\/div>\n<h2 class=\"wp-block-heading\"><span class=\"ez-toc-section\" id=\"Kantor_i_Krakow_narodziny_bezkompromisowej_awangardy\"><\/span>Kantor i Krak\u00f3w: narodziny bezkompromisowej awangardy<span class=\"ez-toc-section-end\"><\/span><\/h2>\n\n\n\n<figure class=\"wp-block-image size-full\"><img loading=\"lazy\" decoding=\"async\" width=\"580\" height=\"386\" src=\"https:\/\/cdn.ikrakow.net\/wp-content\/uploads\/sites\/34\/2026\/09\/image-8.png\" alt=\"\" class=\"wp-image-24310\" srcset=\"https:\/\/cdn.ikrakow.net\/wp-content\/uploads\/sites\/34\/2026\/09\/image-8.png 580w, https:\/\/cdn.ikrakow.net\/wp-content\/uploads\/sites\/34\/2026\/09\/image-8-300x200.png 300w\" sizes=\"auto, (max-width: 580px) 100vw, 580px\" \/><figcaption class=\"wp-element-caption\"><em>Fot. spektakl \u201eWielopole, Wielopole\u201d<\/em><\/figcaption><\/figure>\n\n\n\n<p class=\"wp-block-paragraph\">Nowy teatr radykalnie odcina\u0142 si\u0119 od tradycyjnych konwencji, do kt\u00f3rych przywyk\u0142a \u00f3wczesna publiczno\u015b\u0107. Cricot 2 powo\u0142ali do \u017cycia Tadeusz Kantor, wybitna malarka i rze\u017abiarka <strong>Maria Jarema<\/strong> oraz malarz i poeta <strong>Kazimierz Mikulski<\/strong>. Nazw\u0105 nawi\u0105zali do przedwojennego teatru plastyk\u00f3w Cricot stworzonego przez J\u00f3zefa Jarem\u0119, jednak nadali jej zupe\u0142nie nowe znaczenie i radykaln\u0105 form\u0119.<\/p>\n\n\n\n<p class=\"wp-block-paragraph\">Pierwsz\u0105 premier\u0105 zespo\u0142u by\u0142a <strong>\u201eM\u0105twa\u201d<\/strong> wed\u0142ug dramatu Stanis\u0142awa Ignacego Witkiewicza (Witkacego). Pokaz odby\u0142 si\u0119 w maju 1956 roku w Domu Plastyk\u00f3w przy ulicy \u0141obzowskiej. Spektakl ten z miejsca udowodni\u0142, \u017ce Kantor i jego kr\u0105g nie zamierzaj\u0105 jedynie wiernie odtwarza\u0107 tekstu dramatu \u2014 ich celem by\u0142o poszukiwanie <strong>autonomicznego, bezkompromisowego j\u0119zyka sceny<\/strong>.<\/p>\n\n\n\n<h2 class=\"wp-block-heading\"><span class=\"ez-toc-section\" id=\"Jak_Kantor_zburzyl_teatralne_kanony\"><\/span>Jak Kantor zburzy\u0142 teatralne kanony<span class=\"ez-toc-section-end\"><\/span><\/h2>\n\n\n\n<p class=\"wp-block-paragraph\">W 1961 roku Cricot 2 przeni\u00f3s\u0142 si\u0119 do gotyckich piwnic Galerii Krzysztofory. Ta surowa przestrze\u0144 sta\u0142a si\u0119 nierozerwaln\u0105 cz\u0119\u015bci\u0105 estetyki teatru. Akcja nierzadko zaczyna\u0142a si\u0119, zanim widzowie zorientowali si\u0119, gdzie w\u0142a\u015bciwie znajduje si\u0119 scena. Kantor organicznie odrzuca\u0142 tradycyjn\u0105 scen\u0119-pude\u0142ko, kt\u00f3ra izolowa\u0142a aktor\u00f3w od widowni.<\/p>\n\n\n\n<p class=\"wp-block-paragraph\">Prawdziwa rewolucja Kantora polega\u0142a na tym, by <strong>zmienia\u0107 nie tylko dekoracje, lecz fundamentalne regu\u0142y gry<\/strong>:<\/p>\n\n\n\n<ul class=\"wp-block-list\">\n<li>aktorzy i widzowie wsp\u00f3\u0142dzielili t\u0119 sam\u0105, p\u0142ynn\u0105 przestrze\u0144 bez sztywnego podzia\u0142u;<\/li>\n\n\n\n<li>rekwizyty (stary kufer, krzes\u0142o, ko\u0142o czy manekin) stawa\u0142y si\u0119 pe\u0142noprawnymi partnerami scenicznymi;<\/li>\n\n\n\n<li>sam Kantor by\u0142 stale obecny na scenie, bezpo\u015brednio ingeruj\u0105c w przebieg spektaklu;<\/li>\n\n\n\n<li>w dzia\u0142aniach zacierano granice mi\u0119dzy profesjonalnymi aktorami, amatorami i publiczno\u015bci\u0105.<\/li>\n<\/ul>\n\n\n\n<p class=\"wp-block-paragraph\">Tradycyjn\u0105 iluzj\u0119 teatraln\u0105 re\u017cyser zast\u0105pi\u0142 namacaln\u0105 obecno\u015bci\u0105 ludzi i przedmiot\u00f3w. Uwa\u017ca\u0142, \u017ce teatr nie mo\u017ce by\u0107 tani\u0105 kopi\u0105 rzeczywisto\u015bci. W ten spos\u00f3b wykrystalizowa\u0142 si\u0119 unikalny styl Cricot 2, dzi\u0119ki kt\u00f3remu krakowska formacja zyska\u0142a status zjawiska bezprecedensowego w kulturze XX wieku.<\/p>\n\n\n\n<h2 class=\"wp-block-heading\"><span class=\"ez-toc-section\" id=\"Od_eksperymentu_do_wlasnego_jezyka_teatru\"><\/span>Od eksperymentu do w\u0142asnego j\u0119zyka teatru<span class=\"ez-toc-section-end\"><\/span><\/h2>\n\n\n\n<figure class=\"wp-block-image size-full\"><img loading=\"lazy\" decoding=\"async\" width=\"589\" height=\"340\" src=\"https:\/\/cdn.ikrakow.net\/wp-content\/uploads\/sites\/34\/2026\/09\/image-9.png\" alt=\"\" class=\"wp-image-24313\" srcset=\"https:\/\/cdn.ikrakow.net\/wp-content\/uploads\/sites\/34\/2026\/09\/image-9.png 589w, https:\/\/cdn.ikrakow.net\/wp-content\/uploads\/sites\/34\/2026\/09\/image-9-300x173.png 300w\" sizes=\"auto, (max-width: 589px) 100vw, 589px\" \/><figcaption class=\"wp-element-caption\"><em>Fot. spektakl \u201eNiech sczezn\u0105 arty\u015bci\u201d<\/em><\/figcaption><\/figure>\n\n\n\n<p class=\"wp-block-paragraph\">W Krakowie Kantor bez wahania porzuca\u0142 sprawdzone chwyty. Utw\u00f3r Witkacego <strong>\u201eW ma\u0142ym dworku\u201d<\/strong> przekszta\u0142ci\u0142 w laboratorium materii, przypadku i dzia\u0142a\u0144 automatycznych. Z kolei w <strong>\u201eWariacie i zakonnicy\u201d<\/strong> ca\u0142kowicie zrezygnowa\u0142 z linearnej intrygi: na oczach widz\u00f3w pracowa\u0142a absurdalna machina, kt\u00f3ra bezlito\u015bnie rozbija\u0142a tradycyjny sens i sceniczn\u0105 logik\u0119.<\/p>\n\n\n\n<p class=\"wp-block-paragraph\">Kolejne lata przynios\u0142y dalsz\u0105 rewolucj\u0119 formy. Inscenizacja <strong>\u201eNadobnisie i koczkodany\u201d<\/strong> z 1973 roku zainaugurowa\u0142a okres <strong>Teatru Niemo\u017cliwego (Theatre of the Impossible)<\/strong>, w kt\u00f3rym re\u017cyser metodycznie burzy\u0142 nawyki percepcyjne widz\u00f3w. Zmienia\u0142y si\u0119 manifesty i techniki, ale naczelna zasada pozostawa\u0142a nienaruszona: Kantor nigdy nie zamyka\u0142 si\u0119 w gotowej formule. Ka\u017cda idea s\u0142u\u017cy\u0142a za punkt wyj\u015bcia do kolejnych poszukiwa\u0144.<\/p>\n\n\n\n<h2 class=\"wp-block-heading\"><span class=\"ez-toc-section\" id=\"%E2%80%9EUmarla_klasa%E2%80%9D_%E2%80%93_wstrzas_ktory_poruszyl_swiat\"><\/span>\u201eUmar\u0142a klasa\u201d \u2013 wstrz\u0105s, kt\u00f3ry poruszy\u0142 \u015bwiat<span class=\"ez-toc-section-end\"><\/span><\/h2>\n\n\n\n<figure class=\"wp-block-image size-full\"><img loading=\"lazy\" decoding=\"async\" width=\"564\" height=\"387\" src=\"https:\/\/cdn.ikrakow.net\/wp-content\/uploads\/sites\/34\/2026\/09\/image-10.png\" alt=\"\" class=\"wp-image-24316\" srcset=\"https:\/\/cdn.ikrakow.net\/wp-content\/uploads\/sites\/34\/2026\/09\/image-10.png 564w, https:\/\/cdn.ikrakow.net\/wp-content\/uploads\/sites\/34\/2026\/09\/image-10-300x206.png 300w\" sizes=\"auto, (max-width: 564px) 100vw, 564px\" \/><figcaption class=\"wp-element-caption\"><em>Fot. spektakl \u201eUmar\u0142a klasa\u201d<\/em><\/figcaption><\/figure>\n\n\n\n<p class=\"wp-block-paragraph\">W listopadzie 1975 roku w Krakowie po raz pierwszy zaprezentowano <strong>\u201eUmar\u0142\u0105 klas\u0119\u201d<\/strong>. Spektakl wywo\u0142a\u0142 prawdziw\u0105 sensacj\u0119. W zakurzonych szkolnych \u0142awkach zasiedli starcy d\u017awigaj\u0105cy manekiny uosabiaj\u0105ce ich w\u0142asne dzieci\u0144stwo, a mi\u0119dzy nimi przechadza\u0142 si\u0119 sam Kantor \u2013 niczym belferski przewodnik po za\u015bwiatach. Re\u017cyser dotkn\u0105\u0142 w nim pami\u0119ci, traumy przemijania oraz do\u015bwiadczenia pokolenia naznaczonego katastrofami XX wieku.<\/p>\n\n\n\n<p class=\"wp-block-paragraph\">W ten spos\u00f3b narodzi\u0142 si\u0119 <strong>\u201eTeatr \u015amierci\u201d<\/strong> \u2013 najwa\u017cniejsza koncepcja tw\u00f3rcza Tadeusza Kantora. Granice mi\u0119dzy \u017cywymi a umar\u0142ymi uleg\u0142y w niej zatarciu, a motorem nap\u0119dowym ca\u0142ej narracji sta\u0142a si\u0119 pami\u0119\u0107.<\/p>\n\n\n\n<p class=\"wp-block-paragraph\">Sukces okaza\u0142 si\u0119 spektakularny. \u201eUmar\u0142\u0105 klas\u0119\u201d uznano za arcydzie\u0142o Cricot 2 i z zachwytem przyjmowano w najwa\u017cniejszych stolicach \u015bwiata:<\/p>\n\n\n\n<ul class=\"wp-block-list\">\n<li>Nowym Jorku;<\/li>\n\n\n\n<li>Rzymie;<\/li>\n\n\n\n<li>Norymberdze;<\/li>\n\n\n\n<li>Tokio.<\/li>\n<\/ul>\n\n\n\n<p class=\"wp-block-paragraph\">Mi\u0119dzynarodowy rozg\u0142os przypiecz\u0119towa\u0142y presti\u017cowe wyr\u00f3\u017cnienia. W 1976 roku spektakl zekranizowa\u0142 Andrzej Wajda, a w 1979 roku \u201eUmar\u0142a klasa\u201d przynios\u0142a Kantorowi ameryka\u0144sk\u0105 nagrod\u0119 <strong>Obie Award<\/strong>.<\/p>\n\n\n\n<h2 class=\"wp-block-heading\"><span class=\"ez-toc-section\" id=\"Dlaczego_wplyw_Kantora_wykroczyl_poza_teatr\"><\/span>Dlaczego wp\u0142yw Kantora wykroczy\u0142 poza teatr?<span class=\"ez-toc-section-end\"><\/span><\/h2>\n\n\n\n<p class=\"wp-block-paragraph\">Po \u015bwiatowym sukcesie Kantor nie zwalnia\u0142 tempa. W g\u0142o\u015bnym spektaklu <strong>\u201eWielopole, Wielopole\u201d<\/strong> po\u0142\u0105czy\u0142 rodzinne fotografie, echa I wojny \u015bwiatowej oraz postacie z prowincjonalnego miasteczka dzieci\u0144stwa. Przesz\u0142o\u015b\u0107 materializowa\u0142a si\u0119 na scenie rami\u0119 w rami\u0119 z \u017cywymi wykonawcami.<\/p>\n\n\n\n<p class=\"wp-block-paragraph\">Metoda ta sta\u0142a si\u0119 fundamentem kolejnych monumentalnych dzie\u0142: <strong>\u201eNiech sczezn\u0105 arty\u015bci\u201d<\/strong> oraz <strong>\u201eNigdy tu ju\u017c nie powr\u00f3c\u0119\u201d<\/strong>. Kantor budowa\u0142 swoje spektakle z tego, co ocala\u0142o z dawnych epok, miejsc i ludzkich los\u00f3w.<\/p>\n\n\n\n<h2 class=\"wp-block-heading\"><span class=\"ez-toc-section\" id=\"Teatr_odmieniony_na_zawsze_dziedzictwo_mistrza\"><\/span>Teatr odmieniony na zawsze: dziedzictwo mistrza<span class=\"ez-toc-section-end\"><\/span><\/h2>\n\n\n\n<figure class=\"wp-block-image size-full\"><img loading=\"lazy\" decoding=\"async\" width=\"590\" height=\"393\" src=\"https:\/\/cdn.ikrakow.net\/wp-content\/uploads\/sites\/34\/2026\/09\/image-11.png\" alt=\"\" class=\"wp-image-24319\" srcset=\"https:\/\/cdn.ikrakow.net\/wp-content\/uploads\/sites\/34\/2026\/09\/image-11.png 590w, https:\/\/cdn.ikrakow.net\/wp-content\/uploads\/sites\/34\/2026\/09\/image-11-300x200.png 300w\" sizes=\"auto, (max-width: 590px) 100vw, 590px\" \/><figcaption class=\"wp-element-caption\"><em>Fot. spektakl \u201eNigdy tu ju\u017c nie powr\u00f3c\u0119\u201d<\/em><\/figcaption><\/figure>\n\n\n\n<p class=\"wp-block-paragraph\">Po wyst\u0119pach Cricot 2 w Edynburgu czo\u0142owy niemiecki artysta awangardowy <strong>Joseph Beuys<\/strong> poprosi\u0142 o drzwi z sali i teatralne afisze, by w\u0142\u0105czy\u0107 je do w\u0142asnej pracy. Z kolei wybitna choreografka i reformatorka ta\u0144ca <strong>Pina Bausch<\/strong> otwarcie m\u00f3wi\u0142a o Kantorze jako o swoim mistrzu i niewyczerpanym \u017ar\u00f3dle inspiracji.<\/p>\n\n\n\n<p class=\"wp-block-paragraph\">W Polsce szko\u0142a my\u015blenia Kantora ukszta\u0142towa\u0142a wra\u017cliwo\u015b\u0107 najwybitniejszych re\u017cyser\u00f3w wsp\u00f3\u0142czesnej sceny:<\/p>\n\n\n\n<ul class=\"wp-block-list\">\n<li><strong>Krystiana Lupy<\/strong> \u2013 jednego z najbardziej wp\u0142ywowych reformator\u00f3w teatru europejskiego;<\/li>\n\n\n\n<li><strong>Krzysztofa Warlikowskiego<\/strong> \u2013 mistrza odwa\u017cnego przepisywania dramaturgii klasycznej;<\/li>\n\n\n\n<li><strong>Mai Kleczewskiej<\/strong> \u2013 re\u017cyserki bezkompromisowo diagnozuj\u0105cej wsp\u00f3\u0142czesne traumy spo\u0142eczne;<\/li>\n\n\n\n<li><strong>Paw\u0142a Passiniego<\/strong> \u2013 eksploruj\u0105cego pami\u0119\u0107 historyczn\u0105 w nowatorskich strukturach scenicznych;<\/li>\n\n\n\n<li><strong>Jana Klaty<\/strong> \u2013 tw\u00f3rcy bezlito\u015bnie rewiduj\u0105cego polsk\u0105 to\u017csamo\u015b\u0107 i mity narodowe.<\/li>\n<\/ul>\n\n\n\n<p class=\"wp-block-paragraph\">Ostatnie dzie\u0142o Kantora, <strong>\u201eDzi\u015b s\u0105 moje urodziny\u201d<\/strong>, zesp\u00f3\u0142 doko\u0144czy\u0142 ju\u017c po nag\u0142ej \u015bmierci artysty w grudniu 1990 roku. Podczas ka\u017cdego pokazu na scenie symbolicznie ustawiano puste krzes\u0142o \u2013 miejsce zarezerwowane dla nieobecnego re\u017cysera.<\/p>\n\n\n\n<h2 class=\"wp-block-heading\"><span class=\"ez-toc-section\" id=\"Awangardowy_Krakow_poza_kanonem\"><\/span>Awangardowy Krak\u00f3w poza kanonem<span class=\"ez-toc-section-end\"><\/span><\/h2>\n\n\n\n<figure class=\"wp-block-image size-full\"><img loading=\"lazy\" decoding=\"async\" width=\"462\" height=\"442\" src=\"https:\/\/cdn.ikrakow.net\/wp-content\/uploads\/sites\/34\/2026\/09\/image-12.png\" alt=\"\" class=\"wp-image-24322\" srcset=\"https:\/\/cdn.ikrakow.net\/wp-content\/uploads\/sites\/34\/2026\/09\/image-12.png 462w, https:\/\/cdn.ikrakow.net\/wp-content\/uploads\/sites\/34\/2026\/09\/image-12-300x287.png 300w\" sizes=\"auto, (max-width: 462px) 100vw, 462px\" \/><figcaption class=\"wp-element-caption\"><em>Fot. re\u017cyser Tadeusz Kantor<\/em><\/figcaption><\/figure>\n\n\n\n<p class=\"wp-block-paragraph\">Cho\u0107 \u201eUmar\u0142a klasa\u201d zapisa\u0142a si\u0119 w historii najg\u0142o\u015bniej, Cricot 2 nie by\u0142 teatrem jednego arcydzie\u0142a. Kantor nieprzerwanie generowa\u0142 nowe koncepcje, a mniej znane akcje i cricotage dowodz\u0105, jak daleko potrafi\u0142 wykracza\u0107 poza wszelkie ramy.<\/p>\n\n\n\n<p class=\"wp-block-paragraph\">W\u015br\u00f3d nich znalaz\u0142y si\u0119 takie przedsi\u0119wzi\u0119cia jak:<\/p>\n\n\n\n<ul class=\"wp-block-list\">\n<li><strong>\u201eGdzie s\u0105 niegdysiejsze \u015bniegi\u201d<\/strong> \u2013 cricotage przygotowany w Rzymie przy okazji wystawy artysty;<\/li>\n\n\n\n<li><strong>\u201eMaszyna mi\u0142o\u015bci i \u015bmierci\u201d<\/strong> \u2013 projekt zrealizowany na presti\u017cow\u0105 wystaw\u0119 documenta 8 w Kassel;<\/li>\n\n\n\n<li><strong>\u201e\u015alub w manierze konstruktywistycznej i surrealistycznej\u201d<\/strong> \u2013 warsztatowa praca z m\u0142odymi aktorami w Mediolanie;<\/li>\n\n\n\n<li><strong>\u201eBardzo kr\u00f3tka lekcja\u201d<\/strong> \u2013 owoc mi\u0119dzynarodowych spotka\u0144 tw\u00f3rczych w Charleville-M\u00e9zi\u00e8res;<\/li>\n\n\n\n<li><strong>\u201eList\u201d<\/strong> \u2013 kultowy happening warszawski, podczas kt\u00f3rego siedmiu listonoszy nios\u0142o przez miasto list o d\u0142ugo\u015bci 14 metr\u00f3w;<\/li>\n\n\n\n<li><strong>\u201ePanoramiczny happening morski\u201d<\/strong> \u2013 s\u0142ynna akcja w Osiekach, gdzie artysta Edward Krasi\u0144ski we fraku sta\u0142 na pode\u015bcie w morzu i \u201edyrygowa\u0142\u201d falami Ba\u0142tyku.<\/li>\n<\/ul>\n\n\n\n<p class=\"wp-block-paragraph\">Kantor intensywnie pracowa\u0142 za granic\u0105. W Baden-Baden tworzy\u0142 z niemieckimi aktorami, w s\u0142owe\u0144skim Bledzie realizowa\u0142 happeningi telewizyjne, a w Jugos\u0142awii prowadzi\u0142 mi\u0119dzynarodowe warsztaty. Nie by\u0142y to zwyczajne trasy koncertowe: Kantor nieustannie sprawdza\u0142, czy jego radykalny j\u0119zyk zachowuje si\u0142\u0119 ra\u017cenia w odmiennych warunkach kulturowych.<\/p>\n\n\n\n<h2 class=\"wp-block-heading\"><span class=\"ez-toc-section\" id=\"Cricoteka_zywe_archiwum_kantorowskiej_rewolucji\"><\/span>Cricoteka: \u017cywe archiwum kantorowskiej rewolucji<span class=\"ez-toc-section-end\"><\/span><\/h2>\n\n\n\n<p class=\"wp-block-paragraph\">W grodzie Kraka po wielkim reformatorze pozosta\u0142y nie tylko archiwalne zdj\u0119cia. Kantor stworzy\u0142 instytucj\u0119, kt\u00f3ra uchroni\u0142a jego teatr przed losem martwego zabytku. W 1980 roku za\u0142o\u017cy\u0142 O\u015brodek Dokumentacji Sztuki Tadeusza Kantora <strong>Cricoteka<\/strong>. Pocz\u0105tkowo plac\u00f3wka mie\u015bci\u0142a si\u0119 przy ulicy Kanoniczej, a w 2014 roku zyska\u0142a nowoczesn\u0105, ikoniczn\u0105 siedzib\u0119 nad Wis\u0142\u0105 w krakowskim Podg\u00f3rzu.<\/p>\n\n\n\n<p class=\"wp-block-paragraph\">W Cricotece zgromadzono unikalne zbiory:<\/p>\n\n\n\n<ul class=\"wp-block-list\">\n<li>oryginalne manekiny;<\/li>\n\n\n\n<li>kostiumy teatralne;<\/li>\n\n\n\n<li>autentyczne rekwizyty i obiekty sceniczne;<\/li>\n\n\n\n<li>archiwalne fotografie;<\/li>\n\n\n\n<li>rejestracje wideo spektakli i r\u0119kopisy Kantora.<\/li>\n<\/ul>\n\n\n\n<p class=\"wp-block-paragraph\">Cricoteka nie jest jednak statycznym muzeum. To dynamiczny o\u015brodek sztuki, w kt\u00f3rym odbywaj\u0105 si\u0119 spektakle, mi\u0119dzynarodowy festiwal \u201eGra z Kantorem\u201d, warsztaty performatywne oraz panele dyskusyjne.<\/p>\n\n\n\n<h2 class=\"wp-block-heading\"><span class=\"ez-toc-section\" id=\"Dziedzictwo_ktore_oparlo_sie_uplywowi_czasu\"><\/span>Dziedzictwo, kt\u00f3re opar\u0142o si\u0119 up\u0142ywowi czasu<span class=\"ez-toc-section-end\"><\/span><\/h2>\n\n\n\n<figure class=\"wp-block-image size-full\"><img loading=\"lazy\" decoding=\"async\" width=\"577\" height=\"323\" src=\"https:\/\/cdn.ikrakow.net\/wp-content\/uploads\/sites\/34\/2026\/09\/image-13.png\" alt=\"\" class=\"wp-image-24325\" srcset=\"https:\/\/cdn.ikrakow.net\/wp-content\/uploads\/sites\/34\/2026\/09\/image-13.png 577w, https:\/\/cdn.ikrakow.net\/wp-content\/uploads\/sites\/34\/2026\/09\/image-13-300x168.png 300w\" sizes=\"auto, (max-width: 577px) 100vw, 577px\" \/><figcaption class=\"wp-element-caption\"><em>Fot. Cricoteka<\/em><\/figcaption><\/figure>\n\n\n\n<p class=\"wp-block-paragraph\">Co roku w rocznic\u0119 \u015bmierci tw\u00f3rcy \u2013 8 grudnia \u2013 aktorzy Cricot 2, bracia Les\u0142aw i Wac\u0142aw Janiccy, wychodz\u0105 na ulic\u0119 Kanonicz\u0105 w kostiumach postaci z \u201eUmar\u0142ej klasy\u201d. Ten symboliczny spacer to \u017cywy wyraz pami\u0119ci o arty\u015bcie, kt\u00f3ry odmieni\u0142 oblicze sceny.<\/p>\n\n\n\n<p class=\"wp-block-paragraph\">Wsp\u00f3\u0142cze\u015bni re\u017cyserzy wci\u0105\u017c powracaj\u0105 do spu\u015bcizny Kantora, reinterpretuj\u0105c jego dialog z materi\u0105, przedmiotem i pami\u0119ci\u0105. Dlatego Cricot 2 to dla Krakowa nie tylko dumny wpis w kronice <a href=\"https:\/\/warsaw1.one\/pl\/eternal\/jak-wyglada-nauczanie-kreatywnych-specjalizacji-w-akademii-teatralnej-aleksandra-zelwerowicza-5174\" data-type=\"link\" data-id=\"https:\/\/warsaw1.one\/pl\/eternal\/jak-wyglada-nauczanie-kreatywnych-specjalizacji-w-akademii-teatralnej-aleksandra-zelwerowicza-5174\" target=\"_blank\" rel=\"noopener\">teatru<\/a>, lecz nierozerwalna cz\u0119\u015b\u0107 to\u017csamo\u015bci kulturowej miasta.<\/p>\n","protected":false},"excerpt":{"rendered":"<p>W 1955 roku w Krakowie narodzi\u0142 si\u0119 teatr Cricot 2, kt\u00f3rego spektakle ca\u0142kowicie burzy\u0142y dotychczasowe wyobra\u017cenia o scenie dramatycznej. W realiach \u00f3wczesnej Polski by\u0142a to formacja na\u0441\u043aro\u015b eksperymentalna, kt\u00f3ra wkr\u00f3tce zdoby\u0142a s\u0142aw\u0119 daleko poza granicami kraju. Za sukcesem Cricot 2 sta\u0142 Tadeusz Kantor \u2013 wybitny polski re\u017cyser, malarz, scenograf i teoretyk sztuki. Kantor nieustannie prowokowa\u0142, [&hellip;]<\/p>\n","protected":false},"author":535,"featured_media":24329,"comment_status":"open","ping_status":"open","sticky":false,"template":"","format":"standard","meta":{"footnotes":""},"categories":[4822],"tags":[8121,8124,7835,8117,8125,8116,8122,8118,7833,8123,7843,8119,8120,8115],"moimportance":[32,35],"motype":[4828],"moformat":[83],"class_list":["post-24335","post","type-post","status-publish","format-standard","has-post-thumbnail","category-cultural","tag-awangarda-polska","tag-cricot-2","tag-cricoteka","tag-galeria-krzysztofory","tag-historia-teatru","tag-polscy-rezyserzy","tag-spektakle-w-krakowie","tag-sztuka-performatywna","tag-tadeusz-kantor","tag-teatr-awangardowy","tag-teatr-polski","tag-teatr-smierci","tag-teatr-w-krakowie","tag-umarla-klasa","moimportance-golovna-novyna","moimportance-retranslyacziya-v-agregatory","motype-eternal","moformat-longread-short"],"_links":{"self":[{"href":"https:\/\/ikrakow.net\/pl\/wp-json\/wp\/v2\/posts\/24335","targetHints":{"allow":["GET"]}}],"collection":[{"href":"https:\/\/ikrakow.net\/pl\/wp-json\/wp\/v2\/posts"}],"about":[{"href":"https:\/\/ikrakow.net\/pl\/wp-json\/wp\/v2\/types\/post"}],"author":[{"embeddable":true,"href":"https:\/\/ikrakow.net\/pl\/wp-json\/wp\/v2\/users\/535"}],"replies":[{"embeddable":true,"href":"https:\/\/ikrakow.net\/pl\/wp-json\/wp\/v2\/comments?post=24335"}],"version-history":[{"count":2,"href":"https:\/\/ikrakow.net\/pl\/wp-json\/wp\/v2\/posts\/24335\/revisions"}],"predecessor-version":[{"id":24337,"href":"https:\/\/ikrakow.net\/pl\/wp-json\/wp\/v2\/posts\/24335\/revisions\/24337"}],"wp:featuredmedia":[{"embeddable":true,"href":"https:\/\/ikrakow.net\/pl\/wp-json\/wp\/v2\/media\/24329"}],"wp:attachment":[{"href":"https:\/\/ikrakow.net\/pl\/wp-json\/wp\/v2\/media?parent=24335"}],"wp:term":[{"taxonomy":"category","embeddable":true,"href":"https:\/\/ikrakow.net\/pl\/wp-json\/wp\/v2\/categories?post=24335"},{"taxonomy":"post_tag","embeddable":true,"href":"https:\/\/ikrakow.net\/pl\/wp-json\/wp\/v2\/tags?post=24335"},{"taxonomy":"moimportance","embeddable":true,"href":"https:\/\/ikrakow.net\/pl\/wp-json\/wp\/v2\/moimportance?post=24335"},{"taxonomy":"motype","embeddable":true,"href":"https:\/\/ikrakow.net\/pl\/wp-json\/wp\/v2\/motype?post=24335"},{"taxonomy":"moformat","embeddable":true,"href":"https:\/\/ikrakow.net\/pl\/wp-json\/wp\/v2\/moformat?post=24335"}],"curies":[{"name":"wp","href":"https:\/\/api.w.org\/{rel}","templated":true}]}}