{"id":13963,"date":"2023-04-28T14:00:10","date_gmt":"2023-04-28T12:00:10","guid":{"rendered":"https:\/\/ikrakow.net\/?p=13963"},"modified":"2023-04-28T14:00:20","modified_gmt":"2023-04-28T12:00:20","slug":"ojciec-polskiej-pediatrii-historia-zycia-krakowskiego-lekarza-macieja-jakubowskiego","status":"publish","type":"post","link":"https:\/\/ikrakow.net\/pl\/eternal-ojciec-polskiej-pediatrii-historia-zycia-krakowskiego-lekarza-macieja-jakubowskiego","title":{"rendered":"&#8222;Ojciec polskiej pediatrii&#8221;: historia \u017cycia krakowskiego lekarza Macieja Jakubowskiego"},"content":{"rendered":"\n<p class=\"wp-block-paragraph\">Polska medycyna ma wiele wybitnych osobisto\u015bci. Chodzi o lekarzy i naukowc\u00f3w, kt\u00f3rzy pracowali na rzecz poprawy warunk\u00f3w \u017cycia i stanu zdrowia innych ludzi, pisze <a href=\"https:\/\/ikrakow.net\/\">ikrakow.net<\/a>.<\/p>\n\n\n\n<p class=\"wp-block-paragraph\">Jednym z takich lekarzy by\u0142 Maciej Jakubowski, kt\u00f3ry wni\u00f3s\u0142 znacz\u0105cy wk\u0142ad w rozw\u00f3j polskiej pediatrii i otworzy\u0142 pierwszy szpital dla dzieci w Krakowie.<\/p>\n\n\n\n<p class=\"wp-block-paragraph\">Dlaczego Maciej Jakubowski nazywany jest &#8222;ojcem polskiej pediatrii&#8221; i wi\u0119cej fakt\u00f3w na temat znanego lekarza &#8211; czytaj dalej w artykule.<\/p>\n\n\n\n<h2 class=\"wp-block-heading\">Pierwsze kroki Macieja Jakubowskiego w kierunku sprawy lekarskiej<\/h2>\n\n\n\n<p class=\"wp-block-paragraph\">Maciej Jakubowski urodzi\u0142 si\u0119 w rodzinie urz\u0119dnika lokalnego Senatu w 1837 roku w Krakowie. Rodzice: tata Ludwik Jakubowski i matka Balbina \u017belkowska byli du\u017c\u0105 rodzin\u0105, wi\u0119c Maciej zosta\u0142 sz\u00f3stym dzieckiem w domu.<\/p>\n\n\n\n<p class=\"wp-block-paragraph\">\u015arednie wykszta\u0142cenie Maciej uzyska\u0142 w miejscowym Gimnazjum \u015bw. Anny, po czym wst\u0105pi\u0142 na wydzia\u0142 Lekarski Uniwersytetu Jagiello\u0144skiego w Krakowie.<\/p>\n\n\n<div class=\"wp-block-image\">\n<figure class=\"aligncenter size-full\"><img loading=\"lazy\" decoding=\"async\" width=\"423\" height=\"478\" src=\"https:\/\/cdn.ikrakow.net\/wp-content\/uploads\/sites\/34\/2023\/04\/17153436\/image-4.png\" alt=\"\" class=\"wp-image-13964\" srcset=\"https:\/\/cdn.ikrakow.net\/wp-content\/uploads\/sites\/34\/2023\/04\/17153436\/image-4.png 423w, https:\/\/cdn.ikrakow.net\/wp-content\/uploads\/sites\/34\/2023\/04\/17153436\/image-4-265x300.png 265w\" sizes=\"auto, (max-width: 423px) 100vw, 423px\" \/><\/figure>\n<\/div>\n\n\n<p class=\"wp-block-paragraph\">Warto zauwa\u017cy\u0107, \u017ce w jego rodzinie nie tylko on wybra\u0142 zaw\u00f3d lekarza. Przecie\u017c dziadek Macieja Jakubowskiego by\u0142 r\u00f3wnie\u017c lekarzem, a stryj profesorem Uniwersytetu Jagiello\u0144skiego. Dlatego na wyb\u00f3r Macieja du\u017cy wp\u0142yw mia\u0142a specjalno\u015b\u0107 krewnych.<\/p>\n\n\n\n<p class=\"wp-block-paragraph\">Szczeg\u00f3lnie odznaczy\u0142 si\u0119 w \u017cyciu Macieja jego stryj Jakub J\u00f3zef Jakubowski, kt\u00f3ry wychowywa\u0142 ch\u0142opaka po \u015bmierci ojca. Jakub pomaga\u0142 swojemu bratankowi zrealizowa\u0107 swoje umiej\u0119tno\u015bci i zosta\u0107 wykwalifikowanym lekarzem. Organizowa\u0142 m.in. praktyk\u0119 Maciejowi w plac\u00f3wkach medycznych nie tylko w Polsce, ale tak\u017ce w Pary\u017cu, Czechach i Austrii.<\/p>\n\n\n\n<p class=\"wp-block-paragraph\">W\u015br\u00f3d kierunk\u00f3w medycznych Maciej Jakubowski zajmowa\u0142 si\u0119 medycyn\u0105 dzieci\u0119c\u0105. Dlatego swoje pierwsze badania naukowe napisa\u0142 o funkcjonowaniu dr\u00f3g oddechowych u niemowl\u0105t. W sumie w ci\u0105gu swojego \u017cycia napisa\u0142 dwadzie\u015bcia bada\u0144 naukowych.<\/p>\n\n\n<div class=\"wp-block-image\">\n<figure class=\"aligncenter size-full\"><img loading=\"lazy\" decoding=\"async\" width=\"800\" height=\"600\" src=\"https:\/\/cdn.ikrakow.net\/wp-content\/uploads\/sites\/34\/2023\/04\/17153435\/image-5.png\" alt=\"\" class=\"wp-image-13967\" srcset=\"https:\/\/cdn.ikrakow.net\/wp-content\/uploads\/sites\/34\/2023\/04\/17153435\/image-5.png 800w, https:\/\/cdn.ikrakow.net\/wp-content\/uploads\/sites\/34\/2023\/04\/17153435\/image-5-300x225.png 300w, https:\/\/cdn.ikrakow.net\/wp-content\/uploads\/sites\/34\/2023\/04\/17153435\/image-5-768x576.png 768w, https:\/\/cdn.ikrakow.net\/wp-content\/uploads\/sites\/34\/2023\/04\/17153435\/image-5-696x522.png 696w\" sizes=\"auto, (max-width: 800px) 100vw, 800px\" \/><\/figure>\n<\/div>\n\n\n<p class=\"wp-block-paragraph\">Opr\u00f3cz udanej kariery lekarza mia\u0142 tak\u017ce \u017cycie osobiste. Medyk by\u0142 \u017conaty J\u00f3zef\u0105 z Helcl\u00f3w. Jednak ma\u0142\u017conkowie nie mieli dzieci. Jego kobieta zmar\u0142a w 1879 roku, 36 lat szybciej ni\u017c Maciej.<\/p>\n\n\n\n<p class=\"wp-block-paragraph\">Serce lekarza przesta\u0142o bi\u0107 w 1915 roku. Przyczyn\u0105 \u015bmierci by\u0142o zaostrzenie powa\u017cnej choroby &#8211; raka \u017co\u0142\u0105dka.<\/p>\n\n\n\n<h2 class=\"wp-block-heading\">Dzia\u0142alno\u015b\u0107 medyczna Macieja Jakubowskiego i otwarcie Szpitala Dzieci\u0119cego<\/h2>\n\n\n\n<p class=\"wp-block-paragraph\">W 1861 roku Maciej Jakubowski otrzyma\u0142 tytu\u0142 doktora medycyny. Nast\u0119pnie zosta\u0142 pierwszym oficjalnie uznanym pediatr\u0105 w Polsce.<\/p>\n\n\n\n<p class=\"wp-block-paragraph\">Lekarz prowadzi\u0142 aktywn\u0105 dzia\u0142alno\u015b\u0107 naukow\u0105: wyk\u0142ada\u0142, prowadzi\u0142 badania, redagowa\u0142 czasopismo Przegl\u0105d Lekarski, w 1889 pe\u0142ni\u0142 funkcj\u0119 Dziekana Wydzia\u0142u Lekarskiego, a w 1890 Rektora na macierzystym Uniwersytecie Jagiello\u0144skim.<\/p>\n\n\n\n<p class=\"wp-block-paragraph\">Ponadto Maciej Jakubowski za\u0142o\u017cy\u0142 Krakowskie Towarzystwo Lekarskie, do kt\u00f3rego wesz\u0142o wielu znanych miejscowych lekarzy. Lekarz by\u0142 w stanie stworzy\u0107 plac\u00f3wk\u0119, kt\u00f3ra sta\u0142a si\u0119 kolebk\u0105 polskiej pediatrii. Mia\u0142 wi\u0119c wielu utalentowanych uczni\u00f3w, w\u015br\u00f3d kt\u00f3rych byli: Tadeusz \u017bele\u0144ski, Franciszek Murdze\u0144ski, Teodor Cybulski, Jan Raczy\u0144ski, K. Lewkowicz i inni.<\/p>\n\n\n\n<p class=\"wp-block-paragraph\">Szczeg\u00f3lnym osi\u0105gni\u0119ciem Macieja Jakubowskiego by\u0142o otwarcie Szpitala Dzieci\u0119cego \u015bw. Ludwika. Plac\u00f3wka medyczna tego typu by\u0142a pierwsz\u0105 w Krakowie i drug\u0105 w Polsce. \u015arodki na budow\u0119 szpitala Jakubowski otrzyma\u0142 od mecenas\u00f3w, kt\u00f3rzy utworzyli &#8222;Towarzystwo Opieki Szpitalnej dla Dzieci&#8221;.<\/p>\n\n\n<div class=\"wp-block-image\">\n<figure class=\"aligncenter size-full\"><img loading=\"lazy\" decoding=\"async\" width=\"1024\" height=\"768\" src=\"https:\/\/cdn.ikrakow.net\/wp-content\/uploads\/sites\/34\/2023\/04\/17153434\/image-6.png\" alt=\"\" class=\"wp-image-13970\" srcset=\"https:\/\/cdn.ikrakow.net\/wp-content\/uploads\/sites\/34\/2023\/04\/17153434\/image-6.png 1024w, https:\/\/cdn.ikrakow.net\/wp-content\/uploads\/sites\/34\/2023\/04\/17153434\/image-6-300x225.png 300w, https:\/\/cdn.ikrakow.net\/wp-content\/uploads\/sites\/34\/2023\/04\/17153434\/image-6-768x576.png 768w, https:\/\/cdn.ikrakow.net\/wp-content\/uploads\/sites\/34\/2023\/04\/17153434\/image-6-696x522.png 696w\" sizes=\"auto, (max-width: 1024px) 100vw, 1024px\" \/><\/figure>\n<\/div>\n\n\n<p class=\"wp-block-paragraph\">Otwarcie Szpitala \u015bw. Ludwika nast\u0105pi\u0142o w 1876 roku. Co wa\u017cne, w plac\u00f3wce medycznej dzieci z r\u00f3\u017cnych kategorii spo\u0142ecznych mia\u0142y mo\u017cliwo\u015b\u0107 uzyskania pomocy: zar\u00f3wno bogatych, jak i biednych. Pierwszy budynek szpitala liczy\u0142 72 \u0142\u00f3\u017cka dla chorych. Obiekt zosta\u0142 nast\u0119pnie rozbudowany o dodatkowe pomieszczenia i \u0142\u00f3\u017cka.<\/p>\n\n\n\n<p class=\"wp-block-paragraph\">Szpital mia\u0142 pi\u0119\u0107 oddzia\u0142\u00f3w, a mianowicie: niemowl\u0119cy, zaka\u017any, rezerwowy (dla gru\u017alicy), oddzia\u0142 Kliniki Dzieci\u0119cej i chirurgiczny z w\u0142asn\u0105 sal\u0105 operacyjn\u0105. W tym ostatnim cz\u0119sto operacje prowadzi\u0142 Maciej Jakubowski.<\/p>\n\n\n\n<p class=\"wp-block-paragraph\">Opr\u00f3cz pediatrii lekarz zajmowa\u0142 si\u0119 badaniami nad chorobami zaka\u017anymi. W szczeg\u00f3lno\u015bci wprowadzi\u0142 seroterapi\u0119 jako metod\u0119 leczenia b\u0142onicy.<\/p>\n","protected":false},"excerpt":{"rendered":"<p>Polska medycyna ma wiele wybitnych osobisto\u015bci. Chodzi o lekarzy i naukowc\u00f3w, kt\u00f3rzy pracowali na rzecz poprawy warunk\u00f3w \u017cycia i stanu zdrowia innych ludzi, pisze ikrakow.net. Jednym z takich lekarzy by\u0142 Maciej Jakubowski, kt\u00f3ry wni\u00f3s\u0142 znacz\u0105cy wk\u0142ad w rozw\u00f3j polskiej pediatrii i otworzy\u0142 pierwszy szpital dla dzieci w Krakowie. Dlaczego Maciej Jakubowski nazywany jest &#8222;ojcem polskiej [&hellip;]<\/p>\n","protected":false},"author":311,"featured_media":13935,"comment_status":"open","ping_status":"open","sticky":false,"template":"","format":"standard","meta":{"footnotes":""},"categories":[4821],"tags":[6121,5829,6117,5754,5831,6120,6118,6122,6119,5755],"moimportance":[35],"motype":[4828],"moformat":[88],"class_list":["post-13963","post","type-post","status-publish","format-standard","has-post-thumbnail","category-healthy","tag-dzialalnosc-medyczna-macieja-jakubowskiego-i-otwarcie-szpitala-dzieciecego","tag-historia-nauki","tag-historia-zycia-krakowskiego-lekarza-macieja-jakubowskiego","tag-historie-krakowa","tag-krakowscy-wynalazcy","tag-kroki-macieja-jakubowskiego-w-kierunku-sprawy-lekarskiej","tag-maciej-jakubowski","tag-otwarcie-szpitala-dzieciecego","tag-pierwsze-kroki-macieja-jakubowskiego-w-kierunku-sprawy-lekarskiej","tag-rozwoj-krakowa","moimportance-retranslyacziya-v-agregatory","motype-eternal","moformat-copywriting"],"_links":{"self":[{"href":"https:\/\/ikrakow.net\/pl\/wp-json\/wp\/v2\/posts\/13963","targetHints":{"allow":["GET"]}}],"collection":[{"href":"https:\/\/ikrakow.net\/pl\/wp-json\/wp\/v2\/posts"}],"about":[{"href":"https:\/\/ikrakow.net\/pl\/wp-json\/wp\/v2\/types\/post"}],"author":[{"embeddable":true,"href":"https:\/\/ikrakow.net\/pl\/wp-json\/wp\/v2\/users\/311"}],"replies":[{"embeddable":true,"href":"https:\/\/ikrakow.net\/pl\/wp-json\/wp\/v2\/comments?post=13963"}],"version-history":[{"count":1,"href":"https:\/\/ikrakow.net\/pl\/wp-json\/wp\/v2\/posts\/13963\/revisions"}],"predecessor-version":[{"id":13973,"href":"https:\/\/ikrakow.net\/pl\/wp-json\/wp\/v2\/posts\/13963\/revisions\/13973"}],"wp:featuredmedia":[{"embeddable":true,"href":"https:\/\/ikrakow.net\/pl\/wp-json\/wp\/v2\/media\/13935"}],"wp:attachment":[{"href":"https:\/\/ikrakow.net\/pl\/wp-json\/wp\/v2\/media?parent=13963"}],"wp:term":[{"taxonomy":"category","embeddable":true,"href":"https:\/\/ikrakow.net\/pl\/wp-json\/wp\/v2\/categories?post=13963"},{"taxonomy":"post_tag","embeddable":true,"href":"https:\/\/ikrakow.net\/pl\/wp-json\/wp\/v2\/tags?post=13963"},{"taxonomy":"moimportance","embeddable":true,"href":"https:\/\/ikrakow.net\/pl\/wp-json\/wp\/v2\/moimportance?post=13963"},{"taxonomy":"motype","embeddable":true,"href":"https:\/\/ikrakow.net\/pl\/wp-json\/wp\/v2\/motype?post=13963"},{"taxonomy":"moformat","embeddable":true,"href":"https:\/\/ikrakow.net\/pl\/wp-json\/wp\/v2\/moformat?post=13963"}],"curies":[{"name":"wp","href":"https:\/\/api.w.org\/{rel}","templated":true}]}}